{"id":10598,"date":"2024-05-23T14:22:01","date_gmt":"2024-05-23T21:22:01","guid":{"rendered":"https:\/\/yyj.ca\/la-construction-du-rond-point-de-lavenue-beacon-ouest-est-desormais-achevee\/"},"modified":"2025-01-23T10:28:57","modified_gmt":"2025-01-23T17:28:57","slug":"la-construction-du-rond-point-de-lavenue-beacon-ouest-est-desormais-achevee","status":"publish","type":"post","link":"https:\/\/yyj.ca\/fr\/la-construction-du-rond-point-de-lavenue-beacon-ouest-est-desormais-achevee\/","title":{"rendered":"La construction du rond-point de l&rsquo;avenue Beacon Ouest est d\u00e9sormais achev\u00e9e"},"content":{"rendered":"\n<p><strong>Communiqu\u00e9 de presse<\/strong><\/p>\n\n<p>Sidney, BC &#8211; La ville de Sidney, l&rsquo;Autorit\u00e9 a\u00e9roportuaire de Victoria et le district de North Saanich ont le plaisir d&rsquo;annoncer l&rsquo;ach\u00e8vement substantiel du rond-point de l&rsquo;avenue Beacon Ouest, qui soutiendra le d\u00e9veloppement \u00e9conomique de la r\u00e9gion, r\u00e9duira les embouteillages et am\u00e9liorera la s\u00e9curit\u00e9. Le nouveau rond-point comprend une connexion \u00e0 la Stirling Way r\u00e9align\u00e9e.<\/p>\n\n<p>Le projet est le fruit d&rsquo;un partenariat entre la ville de Sidney, l&rsquo;Autorit\u00e9 a\u00e9roportuaire de Victoria et le district de North Saanich. Les trois juridictions continuent de conna\u00eetre une croissance dans cette zone et comptent sur l&rsquo;avenue Beacon Ouest pour se connecter \u00e0 l&rsquo;autoroute Pat Bay.<\/p>\n\n<p>La majeure partie des 7,6 millions de dollars de co\u00fbts totaux du projet a \u00e9t\u00e9 compens\u00e9e par une contribution de 5 millions de dollars du Fonds pour les priorit\u00e9s strat\u00e9giques, un flux de financement bas\u00e9 sur les demandes pour les projets ayant un impact r\u00e9gional dans le cadre du Fonds de d\u00e9veloppement communautaire du Canada en Colombie-Britannique. La ville de Sidney, l&rsquo;Autorit\u00e9 a\u00e9roportuaire de Victoria et le district de North Saanich se partagent le reste des co\u00fbts. La ville de Sidney et l&rsquo;autorit\u00e9 a\u00e9roportuaire de Victoria ont chacune contribu\u00e9 \u00e0 hauteur de 1 040 000 $, et le district de North Saanich \u00e0 hauteur de 520 000 $. La part de la ville de Sidney provient de ses allocations permanentes du Fonds canadien de d\u00e9veloppement communautaire (540 000 $), ainsi que du Fonds provincial pour les collectivit\u00e9s en croissance (500 000 $).<\/p>\n\n<p>Le sentier polyvalent Flight Path est \u00e0 nouveau enti\u00e8rement rouvert, un nouvel itin\u00e9raire ayant \u00e9t\u00e9 mis en place \u00e0 l&#8217;emplacement du rond-point.<\/p>\n\n<p><strong>Citations :<\/strong><\/p>\n\n<p>\u00ab\u00a0Ce projet a \u00e9t\u00e9 longuement m\u00fbri alors que la zone conna\u00eet une croissance industrielle et commerciale r\u00e9guli\u00e8re depuis de nombreuses ann\u00e9es\u00a0\u00bb, a d\u00e9clar\u00e9 Cliff McNeil-Smith, maire de Sidney. \u00ab\u00a0Je suis reconnaissant \u00e0 l&rsquo;Autorit\u00e9 a\u00e9roportuaire de Victoria et au district de North Saanich de s&rsquo;\u00eatre associ\u00e9s \u00e0 cet important projet.<\/p>\n\n<p>Je suis tr\u00e8s heureuse de voir l&rsquo;ach\u00e8vement de cette infrastructure vitale pour notre communaut\u00e9\u00a0\u00bb, a d\u00e9clar\u00e9 Elizabeth M. Brown, pr\u00e9sidente et directrice g\u00e9n\u00e9rale de l&rsquo;Autorit\u00e9 a\u00e9roportuaire de Victoria. \u00ab\u00a0Ce rond-point am\u00e9liore la s\u00e9curit\u00e9 dans la r\u00e9gion et favorise la croissance et le d\u00e9veloppement \u00e9conomiques futurs. Il d\u00e9montre \u00e9galement les r\u00e9sultats positifs qui peuvent \u00eatre obtenus lorsque plusieurs juridictions travaillent ensemble\u00a0\u00bb.<\/p>\n\n<p>\u00ab\u00a0North Saanich appr\u00e9cie l&rsquo;approche collaborative du partage des co\u00fbts des projets avec nos partenaires et remercie ses habitants et ses entreprises pour leur patience pendant la p\u00e9riode de construction\u00a0\u00bb, a d\u00e9clar\u00e9 Peter Jones, maire de North Saanich.<\/p>\n\n<p>\u00ab\u00a0Le rond-point de l&rsquo;avenue Beacon Ouest est un excellent exemple de priorit\u00e9 en mati\u00e8re d&rsquo;infrastructure locale que le Fonds canadien de d\u00e9veloppement communautaire peut aider \u00e0 concr\u00e9tiser \u00ab\u00a0, a d\u00e9clar\u00e9 l&rsquo;honorable Jonathan Wilkinson, ministre de l&rsquo;\u00c9nergie et des Ressources naturelles et d\u00e9put\u00e9 de North Vancouver, au nom de l&rsquo;honorable Sean Fraser, ministre du Logement, de l&rsquo;Infrastructure et des Collectivit\u00e9s. \u00ab\u00a0Le rond-point achev\u00e9 soutiendra la croissance de la communaut\u00e9 tout en am\u00e9liorant les liaisons entre les conducteurs et l&rsquo;autoroute, et entre les pi\u00e9tons et les cyclistes et la piste d&rsquo;atterrissage. Nous continuerons \u00e0 investir dans des projets qui soutiennent un avenir prosp\u00e8re pour les communaut\u00e9s \u00e0 travers le Canada\u00a0\u00bb.<\/p>\n\n<p>\u00ab\u00a0Ce nouveau rond-point am\u00e9liorera les liaisons, la s\u00e9curit\u00e9 et le d\u00e9veloppement \u00e9conomique pour les habitants de Sidney et les personnes qui traversent la ville\u00a0\u00bb, a d\u00e9clar\u00e9 Anne Kang, ministre des affaires municipales. \u00ab\u00a0Par l&rsquo;interm\u00e9diaire du Fonds canadien de d\u00e9veloppement des collectivit\u00e9s et du Fonds de croissance des collectivit\u00e9s, notre gouvernement s&rsquo;est engag\u00e9 \u00e0 financer des projets qui ajoutent des services essentiels sur lesquels les gens peuvent compter. La collaboration entre les gouvernements, les collectivit\u00e9s et l&rsquo;Autorit\u00e9 a\u00e9roportuaire de Victoria a rendu ce projet possible. C&rsquo;est un exemple inspirant de la fa\u00e7on dont nous pouvons tous travailler ensemble pour am\u00e9liorer la vie des Britanno-Colombiens.<\/p>\n\n<p><strong>Contacts :<\/strong><\/p>\n\n<p>Maire Cliff McNeil-Smith<\/p>\n\n<p>Ville de Sidney<\/p>\n\n<p>250-656-1139<\/p>\n\n<p><a href=\"mailto:mayor@sidney.ca\">mayor@sidney.ca<\/a><\/p>\n\n<p>Rod Hunchak<\/p>\n\n<p>Directeur du d\u00e9veloppement des entreprises et des relations communautaires<\/p>\n\n<p>Autorit\u00e9 a\u00e9roportuaire de Victoria<\/p>\n\n<p>250-953-7514<\/p>\n\n<p><br\/>Myles Dolphin<\/p>\n\n<p>Responsable de la communication et de l&rsquo;engagement<br\/>District de North Saanich<br\/>250-655-5499<br\/>mdolphin@northsaanich.ca<\/p>\n","protected":false},"excerpt":{"rendered":"<p>Communiqu\u00e9 de presse Sidney, BC &#8211; La ville de Sidney, l&rsquo;Autorit\u00e9 a\u00e9roportuaire de Victoria et le district de North Saanich ont le plaisir d&rsquo;annoncer l&rsquo;ach\u00e8vement substantiel du rond-point de l&rsquo;avenue Beacon Ouest, qui soutiendra le d\u00e9veloppement \u00e9conomique de la r\u00e9gion, r\u00e9duira les embouteillages et am\u00e9liorera la s\u00e9curit\u00e9. Le nouveau rond-point comprend une connexion \u00e0 la <a href=\"https:\/\/yyj.ca\/fr\/la-construction-du-rond-point-de-lavenue-beacon-ouest-est-desormais-achevee\/\" class=\"more-link\">&#8230;<\/a><\/p>\n","protected":false},"author":6,"featured_media":10602,"comment_status":"closed","ping_status":"closed","sticky":false,"template":"","format":"standard","meta":{"_acf_changed":false,"footnotes":""},"categories":[79],"tags":[],"class_list":["post-10598","post","type-post","status-publish","format-standard","has-post-thumbnail","hentry","category-non-classifiee"],"acf":[],"yoast_head":"<!-- This site is optimized with the Yoast SEO plugin v27.3 - https:\/\/yoast.com\/product\/yoast-seo-wordpress\/ -->\n<title>La construction du rond-point de l&#039;avenue Beacon Ouest est d\u00e9sormais achev\u00e9e - Victoria Airport Authority<\/title>\n<meta name=\"robots\" content=\"index, follow, max-snippet:-1, max-image-preview:large, max-video-preview:-1\" \/>\n<link rel=\"canonical\" href=\"https:\/\/yyj.ca\/fr\/la-construction-du-rond-point-de-lavenue-beacon-ouest-est-desormais-achevee\/\" \/>\n<meta property=\"og:locale\" content=\"fr_FR\" \/>\n<meta property=\"og:type\" content=\"article\" \/>\n<meta property=\"og:title\" content=\"La construction du rond-point de l&#039;avenue Beacon Ouest est d\u00e9sormais achev\u00e9e - Victoria Airport Authority\" \/>\n<meta property=\"og:description\" content=\"Communiqu\u00e9 de presse Sidney, BC &#8211; La ville de Sidney, l&rsquo;Autorit\u00e9 a\u00e9roportuaire de Victoria et le district de North Saanich ont le plaisir d&rsquo;annoncer l&rsquo;ach\u00e8vement substantiel du rond-point de l&rsquo;avenue Beacon Ouest, qui soutiendra le d\u00e9veloppement \u00e9conomique de la r\u00e9gion, r\u00e9duira les embouteillages et am\u00e9liorera la s\u00e9curit\u00e9. Le nouveau rond-point comprend une connexion \u00e0 la ...\" \/>\n<meta property=\"og:url\" content=\"https:\/\/yyj.ca\/fr\/la-construction-du-rond-point-de-lavenue-beacon-ouest-est-desormais-achevee\/\" \/>\n<meta property=\"og:site_name\" content=\"Victoria Airport Authority\" \/>\n<meta property=\"article:published_time\" content=\"2024-05-23T21:22:01+00:00\" \/>\n<meta property=\"article:modified_time\" content=\"2025-01-23T17:28:57+00:00\" \/>\n<meta property=\"og:image\" content=\"https:\/\/yyj.ca\/wp-content\/uploads\/2024\/05\/IMG_4408-scaled.jpg\" \/>\n\t<meta property=\"og:image:width\" content=\"2560\" \/>\n\t<meta property=\"og:image:height\" content=\"1920\" \/>\n\t<meta property=\"og:image:type\" content=\"image\/jpeg\" \/>\n<meta name=\"author\" content=\"anita.kardos\" \/>\n<meta name=\"twitter:card\" content=\"summary_large_image\" \/>\n<meta name=\"twitter:label1\" content=\"\u00c9crit par\" \/>\n\t<meta name=\"twitter:data1\" content=\"anita.kardos\" \/>\n\t<meta name=\"twitter:label2\" content=\"Dur\u00e9e de lecture estim\u00e9e\" \/>\n\t<meta name=\"twitter:data2\" content=\"4 minutes\" \/>\n<script type=\"application\/ld+json\" class=\"yoast-schema-graph\">{\"@context\":\"https:\\\/\\\/schema.org\",\"@graph\":[{\"@type\":\"Article\",\"@id\":\"https:\\\/\\\/yyj.ca\\\/fr\\\/la-construction-du-rond-point-de-lavenue-beacon-ouest-est-desormais-achevee\\\/#article\",\"isPartOf\":{\"@id\":\"https:\\\/\\\/yyj.ca\\\/fr\\\/la-construction-du-rond-point-de-lavenue-beacon-ouest-est-desormais-achevee\\\/\"},\"author\":{\"name\":\"anita.kardos\",\"@id\":\"https:\\\/\\\/yyj.ca\\\/fr\\\/#\\\/schema\\\/person\\\/dc24ebf2b2aa255aa1943665d214ac84\"},\"headline\":\"La construction du rond-point de l&rsquo;avenue Beacon Ouest est d\u00e9sormais achev\u00e9e\",\"datePublished\":\"2024-05-23T21:22:01+00:00\",\"dateModified\":\"2025-01-23T17:28:57+00:00\",\"mainEntityOfPage\":{\"@id\":\"https:\\\/\\\/yyj.ca\\\/fr\\\/la-construction-du-rond-point-de-lavenue-beacon-ouest-est-desormais-achevee\\\/\"},\"wordCount\":760,\"publisher\":{\"@id\":\"https:\\\/\\\/yyj.ca\\\/fr\\\/#organization\"},\"image\":{\"@id\":\"https:\\\/\\\/yyj.ca\\\/fr\\\/la-construction-du-rond-point-de-lavenue-beacon-ouest-est-desormais-achevee\\\/#primaryimage\"},\"thumbnailUrl\":\"https:\\\/\\\/yyj.ca\\\/wp-content\\\/uploads\\\/2024\\\/05\\\/IMG_4408-scaled.jpg\",\"articleSection\":[\"Non classifi\u00e9(e)\"],\"inLanguage\":\"fr-FR\"},{\"@type\":\"WebPage\",\"@id\":\"https:\\\/\\\/yyj.ca\\\/fr\\\/la-construction-du-rond-point-de-lavenue-beacon-ouest-est-desormais-achevee\\\/\",\"url\":\"https:\\\/\\\/yyj.ca\\\/fr\\\/la-construction-du-rond-point-de-lavenue-beacon-ouest-est-desormais-achevee\\\/\",\"name\":\"La construction du rond-point de l'avenue Beacon Ouest est d\u00e9sormais achev\u00e9e - Victoria Airport Authority\",\"isPartOf\":{\"@id\":\"https:\\\/\\\/yyj.ca\\\/fr\\\/#website\"},\"primaryImageOfPage\":{\"@id\":\"https:\\\/\\\/yyj.ca\\\/fr\\\/la-construction-du-rond-point-de-lavenue-beacon-ouest-est-desormais-achevee\\\/#primaryimage\"},\"image\":{\"@id\":\"https:\\\/\\\/yyj.ca\\\/fr\\\/la-construction-du-rond-point-de-lavenue-beacon-ouest-est-desormais-achevee\\\/#primaryimage\"},\"thumbnailUrl\":\"https:\\\/\\\/yyj.ca\\\/wp-content\\\/uploads\\\/2024\\\/05\\\/IMG_4408-scaled.jpg\",\"datePublished\":\"2024-05-23T21:22:01+00:00\",\"dateModified\":\"2025-01-23T17:28:57+00:00\",\"breadcrumb\":{\"@id\":\"https:\\\/\\\/yyj.ca\\\/fr\\\/la-construction-du-rond-point-de-lavenue-beacon-ouest-est-desormais-achevee\\\/#breadcrumb\"},\"inLanguage\":\"fr-FR\",\"potentialAction\":[{\"@type\":\"ReadAction\",\"target\":[\"https:\\\/\\\/yyj.ca\\\/fr\\\/la-construction-du-rond-point-de-lavenue-beacon-ouest-est-desormais-achevee\\\/\"]}]},{\"@type\":\"ImageObject\",\"inLanguage\":\"fr-FR\",\"@id\":\"https:\\\/\\\/yyj.ca\\\/fr\\\/la-construction-du-rond-point-de-lavenue-beacon-ouest-est-desormais-achevee\\\/#primaryimage\",\"url\":\"https:\\\/\\\/yyj.ca\\\/wp-content\\\/uploads\\\/2024\\\/05\\\/IMG_4408-scaled.jpg\",\"contentUrl\":\"https:\\\/\\\/yyj.ca\\\/wp-content\\\/uploads\\\/2024\\\/05\\\/IMG_4408-scaled.jpg\",\"width\":2560,\"height\":1920},{\"@type\":\"BreadcrumbList\",\"@id\":\"https:\\\/\\\/yyj.ca\\\/fr\\\/la-construction-du-rond-point-de-lavenue-beacon-ouest-est-desormais-achevee\\\/#breadcrumb\",\"itemListElement\":[{\"@type\":\"ListItem\",\"position\":1,\"name\":\"Home\",\"item\":\"https:\\\/\\\/yyj.ca\\\/fr\\\/\"},{\"@type\":\"ListItem\",\"position\":2,\"name\":\"La construction du rond-point de l&rsquo;avenue Beacon Ouest est d\u00e9sormais achev\u00e9e\"}]},{\"@type\":\"WebSite\",\"@id\":\"https:\\\/\\\/yyj.ca\\\/fr\\\/#website\",\"url\":\"https:\\\/\\\/yyj.ca\\\/fr\\\/\",\"name\":\"Victoria Airport Authority\",\"description\":\"Victoria International Airport\",\"publisher\":{\"@id\":\"https:\\\/\\\/yyj.ca\\\/fr\\\/#organization\"},\"potentialAction\":[{\"@type\":\"SearchAction\",\"target\":{\"@type\":\"EntryPoint\",\"urlTemplate\":\"https:\\\/\\\/yyj.ca\\\/fr\\\/?s={search_term_string}\"},\"query-input\":{\"@type\":\"PropertyValueSpecification\",\"valueRequired\":true,\"valueName\":\"search_term_string\"}}],\"inLanguage\":\"fr-FR\"},{\"@type\":\"Organization\",\"@id\":\"https:\\\/\\\/yyj.ca\\\/fr\\\/#organization\",\"name\":\"Victoria Inernational Airport\",\"url\":\"https:\\\/\\\/yyj.ca\\\/fr\\\/\",\"logo\":{\"@type\":\"ImageObject\",\"inLanguage\":\"fr-FR\",\"@id\":\"https:\\\/\\\/yyj.ca\\\/fr\\\/#\\\/schema\\\/logo\\\/image\\\/\",\"url\":\"https:\\\/\\\/aeroportdevictoria.com\\\/wp-content\\\/uploads\\\/2023\\\/06\\\/yyj-logo.svg\",\"contentUrl\":\"https:\\\/\\\/aeroportdevictoria.com\\\/wp-content\\\/uploads\\\/2023\\\/06\\\/yyj-logo.svg\",\"width\":378,\"height\":73,\"caption\":\"Victoria Inernational Airport\"},\"image\":{\"@id\":\"https:\\\/\\\/yyj.ca\\\/fr\\\/#\\\/schema\\\/logo\\\/image\\\/\"}},{\"@type\":\"Person\",\"@id\":\"https:\\\/\\\/yyj.ca\\\/fr\\\/#\\\/schema\\\/person\\\/dc24ebf2b2aa255aa1943665d214ac84\",\"name\":\"anita.kardos\",\"image\":{\"@type\":\"ImageObject\",\"inLanguage\":\"fr-FR\",\"@id\":\"https:\\\/\\\/secure.gravatar.com\\\/avatar\\\/d87945c02d165c86c144dbc2df36d6807e5c2c166f46032b4c543605831b362a?s=96&d=mm&r=g\",\"url\":\"https:\\\/\\\/secure.gravatar.com\\\/avatar\\\/d87945c02d165c86c144dbc2df36d6807e5c2c166f46032b4c543605831b362a?s=96&d=mm&r=g\",\"contentUrl\":\"https:\\\/\\\/secure.gravatar.com\\\/avatar\\\/d87945c02d165c86c144dbc2df36d6807e5c2c166f46032b4c543605831b362a?s=96&d=mm&r=g\",\"caption\":\"anita.kardos\"}}]}<\/script>\n<!-- \/ Yoast SEO plugin. -->","yoast_head_json":{"title":"La construction du rond-point de l'avenue Beacon Ouest est d\u00e9sormais achev\u00e9e - Victoria Airport Authority","robots":{"index":"index","follow":"follow","max-snippet":"max-snippet:-1","max-image-preview":"max-image-preview:large","max-video-preview":"max-video-preview:-1"},"canonical":"https:\/\/yyj.ca\/fr\/la-construction-du-rond-point-de-lavenue-beacon-ouest-est-desormais-achevee\/","og_locale":"fr_FR","og_type":"article","og_title":"La construction du rond-point de l'avenue Beacon Ouest est d\u00e9sormais achev\u00e9e - Victoria Airport Authority","og_description":"Communiqu\u00e9 de presse Sidney, BC &#8211; La ville de Sidney, l&rsquo;Autorit\u00e9 a\u00e9roportuaire de Victoria et le district de North Saanich ont le plaisir d&rsquo;annoncer l&rsquo;ach\u00e8vement substantiel du rond-point de l&rsquo;avenue Beacon Ouest, qui soutiendra le d\u00e9veloppement \u00e9conomique de la r\u00e9gion, r\u00e9duira les embouteillages et am\u00e9liorera la s\u00e9curit\u00e9. Le nouveau rond-point comprend une connexion \u00e0 la ...","og_url":"https:\/\/yyj.ca\/fr\/la-construction-du-rond-point-de-lavenue-beacon-ouest-est-desormais-achevee\/","og_site_name":"Victoria Airport Authority","article_published_time":"2024-05-23T21:22:01+00:00","article_modified_time":"2025-01-23T17:28:57+00:00","og_image":[{"width":2560,"height":1920,"url":"https:\/\/yyj.ca\/wp-content\/uploads\/2024\/05\/IMG_4408-scaled.jpg","type":"image\/jpeg"}],"author":"anita.kardos","twitter_card":"summary_large_image","twitter_misc":{"\u00c9crit par":"anita.kardos","Dur\u00e9e de lecture estim\u00e9e":"4 minutes"},"schema":{"@context":"https:\/\/schema.org","@graph":[{"@type":"Article","@id":"https:\/\/yyj.ca\/fr\/la-construction-du-rond-point-de-lavenue-beacon-ouest-est-desormais-achevee\/#article","isPartOf":{"@id":"https:\/\/yyj.ca\/fr\/la-construction-du-rond-point-de-lavenue-beacon-ouest-est-desormais-achevee\/"},"author":{"name":"anita.kardos","@id":"https:\/\/yyj.ca\/fr\/#\/schema\/person\/dc24ebf2b2aa255aa1943665d214ac84"},"headline":"La construction du rond-point de l&rsquo;avenue Beacon Ouest est d\u00e9sormais achev\u00e9e","datePublished":"2024-05-23T21:22:01+00:00","dateModified":"2025-01-23T17:28:57+00:00","mainEntityOfPage":{"@id":"https:\/\/yyj.ca\/fr\/la-construction-du-rond-point-de-lavenue-beacon-ouest-est-desormais-achevee\/"},"wordCount":760,"publisher":{"@id":"https:\/\/yyj.ca\/fr\/#organization"},"image":{"@id":"https:\/\/yyj.ca\/fr\/la-construction-du-rond-point-de-lavenue-beacon-ouest-est-desormais-achevee\/#primaryimage"},"thumbnailUrl":"https:\/\/yyj.ca\/wp-content\/uploads\/2024\/05\/IMG_4408-scaled.jpg","articleSection":["Non classifi\u00e9(e)"],"inLanguage":"fr-FR"},{"@type":"WebPage","@id":"https:\/\/yyj.ca\/fr\/la-construction-du-rond-point-de-lavenue-beacon-ouest-est-desormais-achevee\/","url":"https:\/\/yyj.ca\/fr\/la-construction-du-rond-point-de-lavenue-beacon-ouest-est-desormais-achevee\/","name":"La construction du rond-point de l'avenue Beacon Ouest est d\u00e9sormais achev\u00e9e - Victoria Airport Authority","isPartOf":{"@id":"https:\/\/yyj.ca\/fr\/#website"},"primaryImageOfPage":{"@id":"https:\/\/yyj.ca\/fr\/la-construction-du-rond-point-de-lavenue-beacon-ouest-est-desormais-achevee\/#primaryimage"},"image":{"@id":"https:\/\/yyj.ca\/fr\/la-construction-du-rond-point-de-lavenue-beacon-ouest-est-desormais-achevee\/#primaryimage"},"thumbnailUrl":"https:\/\/yyj.ca\/wp-content\/uploads\/2024\/05\/IMG_4408-scaled.jpg","datePublished":"2024-05-23T21:22:01+00:00","dateModified":"2025-01-23T17:28:57+00:00","breadcrumb":{"@id":"https:\/\/yyj.ca\/fr\/la-construction-du-rond-point-de-lavenue-beacon-ouest-est-desormais-achevee\/#breadcrumb"},"inLanguage":"fr-FR","potentialAction":[{"@type":"ReadAction","target":["https:\/\/yyj.ca\/fr\/la-construction-du-rond-point-de-lavenue-beacon-ouest-est-desormais-achevee\/"]}]},{"@type":"ImageObject","inLanguage":"fr-FR","@id":"https:\/\/yyj.ca\/fr\/la-construction-du-rond-point-de-lavenue-beacon-ouest-est-desormais-achevee\/#primaryimage","url":"https:\/\/yyj.ca\/wp-content\/uploads\/2024\/05\/IMG_4408-scaled.jpg","contentUrl":"https:\/\/yyj.ca\/wp-content\/uploads\/2024\/05\/IMG_4408-scaled.jpg","width":2560,"height":1920},{"@type":"BreadcrumbList","@id":"https:\/\/yyj.ca\/fr\/la-construction-du-rond-point-de-lavenue-beacon-ouest-est-desormais-achevee\/#breadcrumb","itemListElement":[{"@type":"ListItem","position":1,"name":"Home","item":"https:\/\/yyj.ca\/fr\/"},{"@type":"ListItem","position":2,"name":"La construction du rond-point de l&rsquo;avenue Beacon Ouest est d\u00e9sormais achev\u00e9e"}]},{"@type":"WebSite","@id":"https:\/\/yyj.ca\/fr\/#website","url":"https:\/\/yyj.ca\/fr\/","name":"Victoria Airport Authority","description":"Victoria International Airport","publisher":{"@id":"https:\/\/yyj.ca\/fr\/#organization"},"potentialAction":[{"@type":"SearchAction","target":{"@type":"EntryPoint","urlTemplate":"https:\/\/yyj.ca\/fr\/?s={search_term_string}"},"query-input":{"@type":"PropertyValueSpecification","valueRequired":true,"valueName":"search_term_string"}}],"inLanguage":"fr-FR"},{"@type":"Organization","@id":"https:\/\/yyj.ca\/fr\/#organization","name":"Victoria Inernational Airport","url":"https:\/\/yyj.ca\/fr\/","logo":{"@type":"ImageObject","inLanguage":"fr-FR","@id":"https:\/\/yyj.ca\/fr\/#\/schema\/logo\/image\/","url":"https:\/\/aeroportdevictoria.com\/wp-content\/uploads\/2023\/06\/yyj-logo.svg","contentUrl":"https:\/\/aeroportdevictoria.com\/wp-content\/uploads\/2023\/06\/yyj-logo.svg","width":378,"height":73,"caption":"Victoria Inernational Airport"},"image":{"@id":"https:\/\/yyj.ca\/fr\/#\/schema\/logo\/image\/"}},{"@type":"Person","@id":"https:\/\/yyj.ca\/fr\/#\/schema\/person\/dc24ebf2b2aa255aa1943665d214ac84","name":"anita.kardos","image":{"@type":"ImageObject","inLanguage":"fr-FR","@id":"https:\/\/secure.gravatar.com\/avatar\/d87945c02d165c86c144dbc2df36d6807e5c2c166f46032b4c543605831b362a?s=96&d=mm&r=g","url":"https:\/\/secure.gravatar.com\/avatar\/d87945c02d165c86c144dbc2df36d6807e5c2c166f46032b4c543605831b362a?s=96&d=mm&r=g","contentUrl":"https:\/\/secure.gravatar.com\/avatar\/d87945c02d165c86c144dbc2df36d6807e5c2c166f46032b4c543605831b362a?s=96&d=mm&r=g","caption":"anita.kardos"}}]}},"_links":{"self":[{"href":"https:\/\/yyj.ca\/fr\/wp-json\/wp\/v2\/posts\/10598","targetHints":{"allow":["GET"]}}],"collection":[{"href":"https:\/\/yyj.ca\/fr\/wp-json\/wp\/v2\/posts"}],"about":[{"href":"https:\/\/yyj.ca\/fr\/wp-json\/wp\/v2\/types\/post"}],"author":[{"embeddable":true,"href":"https:\/\/yyj.ca\/fr\/wp-json\/wp\/v2\/users\/6"}],"replies":[{"embeddable":true,"href":"https:\/\/yyj.ca\/fr\/wp-json\/wp\/v2\/comments?post=10598"}],"version-history":[{"count":0,"href":"https:\/\/yyj.ca\/fr\/wp-json\/wp\/v2\/posts\/10598\/revisions"}],"wp:featuredmedia":[{"embeddable":true,"href":"https:\/\/yyj.ca\/fr\/wp-json\/wp\/v2\/media\/10602"}],"wp:attachment":[{"href":"https:\/\/yyj.ca\/fr\/wp-json\/wp\/v2\/media?parent=10598"}],"wp:term":[{"taxonomy":"category","embeddable":true,"href":"https:\/\/yyj.ca\/fr\/wp-json\/wp\/v2\/categories?post=10598"},{"taxonomy":"post_tag","embeddable":true,"href":"https:\/\/yyj.ca\/fr\/wp-json\/wp\/v2\/tags?post=10598"}],"curies":[{"name":"wp","href":"https:\/\/api.w.org\/{rel}","templated":true}]}}